{"id":28852,"date":"2021-05-06T09:10:06","date_gmt":"2021-05-06T09:10:06","guid":{"rendered":"https:\/\/nordichouse.is\/nordens-hus-i-reykjavik-soker-praktikanter-2\/"},"modified":"2021-05-06T09:12:01","modified_gmt":"2021-05-06T09:12:01","slug":"nordens-hus-i-reykjavik-soker-praktikanter-2","status":"publish","type":"post","link":"https:\/\/nordichouse.is\/en\/nordens-hus-i-reykjavik-soker-praktikanter-2\/","title":{"rendered":"Nordens hus i Reykjavik s\u00f6ker praktikanter"},"content":{"rendered":"<p><strong>Som praktikant i Nordens hus \u00e4r du en del av ett dynamiskt team, som arbetar med kulturutbyte mellan Island, Norden och de baltiska l\u00e4nderna i form av samarbetsprojekt med kulturinstitutioner, konstn\u00e4rer och forskare i hela regionen.<\/strong>\u00a0<strong>Nordens hus har en bred verksamhet och arrangerar kontinuerligt utst\u00e4llningar, evenemang, konferenser och festivaler med inriktning p\u00e5 nordisk konst, kultur och litteratur samt samh\u00e4lls- och milj\u00f6fr\u00e5gor.<\/strong><\/p>\n<p>Som praktikant i Nordens hus f\u00e5r du en bred erfarenhet av projektplanering, -utveckling och genomf\u00f6rande. Du har ett brett ansvar och m\u00f6jlighet att med din input och dina initiativ vara med om att utveckla organisationen. D\u00e4rtill har du goda m\u00f6jligheter att utvecklas inom ditt eget omr\u00e5de och inf\u00f6rskaffa v\u00e4rdefull professionell erfarenhet och goda kontaktn\u00e4t inf\u00f6r framtiden.<\/p>\n<p>F\u00f6r h\u00f6sten 2021 s\u00f6ker vi tv\u00e5 praktikanter inom tv\u00e5 separata program:<\/p>\n<p><strong>Praktikant med inriktning p\u00e5 litteratur<\/strong><br \/>\nVi s\u00f6ker en praktikant f\u00f6r att kunna delta i arbetet med litteratur och litteraturf\u00f6rmedling i Nordens hus. Arbetet innefattar b\u00e5de ett aktivt deltagande i planering och verkst\u00e4llande av litter\u00e4rt program riktat till vuxna och barn, exempelvis den internationella barnlitteraturfestivalen M\u00fdrin som arrangeras i oktober i Nordens hus. Praktikanten deltar ocks\u00e5 i koordinerings- och f\u00f6rmedlingsarbetet vid sekretariatet f\u00f6r Nordiska r\u00e5dets tv\u00e5 litteraturpris, som \u00e4r bel\u00e4get i Nordens hus. Vi f\u00f6rv\u00e4ntar oss att du studerar p\u00e5 magisterniv\u00e5 inom litteraturvetenskap eller litteraturf\u00f6rmedling.<\/p>\n<p><strong>Praktikant med inriktning p\u00e5 konst- och kulturproduktion<\/strong><br \/>\nNordens hus har ett brett konstn\u00e4rligt program i form av egna produktioner och samarbeten med utomst\u00e5ende partner. Vi s\u00f6ker en praktikant som kan medverka i planering och produktion av aktuella utst\u00e4llningar, festivaler, konserter m.m. Vi \u00f6nskar att praktikanten har erfarenhet av konst- och kulturproduktion och god insyn i det nordiska konst- och kulturf\u00e4ltet. Erfarenhet av konst- och kulturf\u00f6rmedling \u00e4r ett plus. Vi f\u00f6rv\u00e4ntar oss att du studerar p\u00e5 magisterniv\u00e5 i konst- och kultur\u00e4mnen, curating eller kulturproduktion.<\/p>\n<p>Vi f\u00f6ruts\u00e4tter att v\u00e5ra praktikanter har goda kunskaper i tal och skrift i engelska samt i svenska, danska eller norska. Likas\u00e5 \u00e4r god organisatorisk f\u00f6rm\u00e5ga och f\u00f6rm\u00e5ga att arbeta sj\u00e4lvst\u00e4ndigt ett krav. Vi \u00f6nskar att du har ett stort intresse f\u00f6r och g\u00e4rna god k\u00e4nnedom om nordisk konst och kultur och internationellt kulturutbyte. Erfarenhet av arbete med social media \u00e4r ett plus.<\/p>\n<p>Praktiken \u00e4r oavl\u00f6nad, men vi \u00f6nskar att du har Erasmus-finansiering f\u00f6r den. Praktikperioden ska vara minimi 5 m\u00e5nader.<\/p>\n<p>Vi tar g\u00e4rna h\u00e4nsyn till individuella studiekrav och det \u00e4r m\u00f6jligt att under praktikperioden studera p\u00e5 distans p\u00e5 deltid. Praktikanten svarar sj\u00e4lv f\u00f6r att hitta bostad, men vi f\u00f6rmedlar g\u00e4rna kontakter till m\u00f6jliga boenden. Genom programmet Nordiskt praktikantforum kommer praktikanterna att f\u00e5 l\u00e4ra k\u00e4nna \u00f6vriga nordiska praktikanter samt ta del av arbetet vid de nordiska ambassaderna och lokala administrativa och kulturella organ.<\/p>\n<p><strong>Sista ans\u00f6kningsdatum \u00e4r 18.5.2021.\u00a0\u00a0<\/strong><\/p>\n<p><a class=\"button\" href=\"https:\/\/norden.emply.net\/recruitment\/vacancyApply.aspx?publishingId=ea1dd5c6-aa31-4446-9775-0ca3e1c7d251\">Ans\u00f6k h\u00e4r<\/a><\/p>\n<p><strong>Om du har fr\u00e5gor<\/strong>\u00a0f\u00e5r du g\u00e4rna kontakta HR-chef \u00de\u00f3runn Stef\u00e1nsd\u00f3ttir,\u00a0thorunnst@nordichouse.is\u00a0eller direkt\u00f6r Sabina Westerholm,\u00a0sabina@nordichouse.is<\/p>\n<p>&nbsp;<\/p>\n<p><strong>Video<\/strong><\/p>\n<p><iframe title=\"vimeo-player\" data-src=\"https:\/\/player.vimeo.com\/video\/373143608\" width=\"640\" height=\"360\" frameborder=\"0\" allowfullscreen=\"allowfullscreen\" src=\"data:image\/svg+xml;base64,PHN2ZyB3aWR0aD0iMSIgaGVpZ2h0PSIxIiB4bWxucz0iaHR0cDovL3d3dy53My5vcmcvMjAwMC9zdmciPjwvc3ZnPg==\" class=\"lazyload\" data-load-mode=\"1\"><\/iframe><\/p>\n<p><strong>Nordens Hus: Et samlet kunstv\u00e6rk<\/strong><br \/>\n<strong>En virtuel rundvisning om husets historie, kultur og arkitektur<\/strong><\/p>\n<div style=\"padding: 41.88% 0 0 0; position: relative;\"><iframe style=\"position: absolute; top: 0; left: 0; width: 100%; height: 100%;\" title=\"Nordens Hus: Et samlet kunstv&amp;aelig;rk\" data-src=\"https:\/\/player.vimeo.com\/video\/491214475?badge=0&amp;autopause=0&amp;player_id=0&amp;app_id=58479\" frameborder=\"0\" allowfullscreen=\"allowfullscreen\" src=\"data:image\/svg+xml;base64,PHN2ZyB3aWR0aD0iMSIgaGVpZ2h0PSIxIiB4bWxucz0iaHR0cDovL3d3dy53My5vcmcvMjAwMC9zdmciPjwvc3ZnPg==\" class=\"lazyload\" data-load-mode=\"1\"><\/iframe><\/div>\n<p><script src=\"https:\/\/player.vimeo.com\/api\/player.js\"><\/script><\/p>\n","protected":false},"excerpt":{"rendered":"<p>Som praktikant i Nordens hus \u00e4r du en del av ett dynamiskt team, som arbetar med kulturutbyte mellan Island, Norden och de baltiska l\u00e4nderna i form av samarbetsprojekt med kulturinstitutioner, konstn\u00e4rer och forskare i hela regionen.\u00a0Nordens hus har en bred verksamhet och arrangerar kontinuerligt utst\u00e4llningar, evenemang, konferenser och festivaler med inriktning p\u00e5 nordisk konst, kultur [&hellip;]<\/p>\n","protected":false},"author":26,"featured_media":28826,"comment_status":"closed","ping_status":"closed","sticky":false,"template":"","format":"standard","meta":{"_acf_changed":false,"wds_primary_category":0,"footnotes":""},"categories":[81,78,59],"tags":[],"class_list":["post-28852","post","type-post","status-publish","format-standard","has-post-thumbnail","hentry","category-laus-storf-2","category-ledige-stillinger-2","category-we-are-hiring","no-banner-image"],"acf":[],"_links":{"self":[{"href":"https:\/\/nordichouse.is\/en\/wp-json\/wp\/v2\/posts\/28852","targetHints":{"allow":["GET"]}}],"collection":[{"href":"https:\/\/nordichouse.is\/en\/wp-json\/wp\/v2\/posts"}],"about":[{"href":"https:\/\/nordichouse.is\/en\/wp-json\/wp\/v2\/types\/post"}],"author":[{"embeddable":true,"href":"https:\/\/nordichouse.is\/en\/wp-json\/wp\/v2\/users\/26"}],"replies":[{"embeddable":true,"href":"https:\/\/nordichouse.is\/en\/wp-json\/wp\/v2\/comments?post=28852"}],"version-history":[{"count":0,"href":"https:\/\/nordichouse.is\/en\/wp-json\/wp\/v2\/posts\/28852\/revisions"}],"wp:featuredmedia":[{"embeddable":true,"href":"https:\/\/nordichouse.is\/en\/wp-json\/wp\/v2\/media\/28826"}],"wp:attachment":[{"href":"https:\/\/nordichouse.is\/en\/wp-json\/wp\/v2\/media?parent=28852"}],"wp:term":[{"taxonomy":"category","embeddable":true,"href":"https:\/\/nordichouse.is\/en\/wp-json\/wp\/v2\/categories?post=28852"},{"taxonomy":"post_tag","embeddable":true,"href":"https:\/\/nordichouse.is\/en\/wp-json\/wp\/v2\/tags?post=28852"}],"curies":[{"name":"wp","href":"https:\/\/api.w.org\/{rel}","templated":true}]}}