{"id":57671,"date":"2024-01-17T13:01:37","date_gmt":"2024-01-17T13:01:37","guid":{"rendered":"https:\/\/nordichouse.is\/?p=57671"},"modified":"2024-01-18T08:25:53","modified_gmt":"2024-01-18T08:25:53","slug":"biblioteket-i-nordens-hus-stenges-midlertidig","status":"publish","type":"post","link":"https:\/\/nordichouse.is\/da\/biblioteket-i-nordens-hus-stenges-midlertidig\/","title":{"rendered":"Biblioteket i Nordens hus stenges midlertidig"},"content":{"rendered":"<h3><strong>Kj\u00e6re gjester, grunnet den p\u00e5g\u00e5ende renoveringen av Nordens hus blir biblioteket og barnebiblioteket midlertidig stengt fra 19.februar. Etter planen skal bibliotekene gjen\u00e5pnes i juni 2024.\u00a0<\/strong><\/h3>\n<p>Oppussingen av bibliotekene er en del av den helhetlige renoveringen av Nordens hus som har p\u00e5g\u00e5tt i delprosjekter siden 2022. Bygget er fredet av den islandske kulturarvstiftelsen og renoveringen vil derfor ikke p\u00e5virke byggets fasade, men inneb\u00e6re en oppgradering av byggets infrastruktur. Alt av renoveringsarbeid blir gjort i samarbeid med Alvar Aalto instituttet i Finland.<\/p>\n<p><strong>\u00c5 rydde vekk et helt bibliotek er mye arbeid, s\u00e5 vi oppfordrer v\u00e5re kunder til \u00e5 l\u00e5ne flere b\u00f8ker enn vanlig! Dette vil hjelpe oss i pakkingen. Det vil v\u00e6re mulig \u00e5 l\u00e5ne b\u00f8ker og kunst frem til 18. februar.\u00a0<\/strong><\/p>\n<p>Alle l\u00e5n, b\u00e5de eksisterende og kommende, blir automatisk forlenget til juni. Dette gjelder ogs\u00e5 alle l\u00e5nekort, de blir forlenget gratis.<\/p>\n<p>Nordens hus og restauranten <a href=\"https:\/\/nordichouse.is\/da\/sono-matseljur\/\">S\u00d3N\u00d3<\/a> vil holde \u00e5pent som vanlig, alle dager i uken unntatt mandager. Arrangementene som er rettet mot barn og familier vil fortsette som normalt, men disse vil bli midlertidig flyttet til Elissa (auditoriumet). Du kan finne alle arrangementer p\u00e5 v\u00e5r nettside og i v\u00e5re sosiale medier. Den nye utstillingen <a href=\"https:\/\/nordichouse.is\/da\/begivenhed\/wasteland\/\">\u201eWasteland\u201c<\/a> \u00e5pner i Hvelfing 10. februar. Renoveringsarbeidet vil ikke p\u00e5virke v\u00e5re \u00e5pningstider eller utstillingen.<\/p>\n<p>Vi vil gjerne takke alle v\u00e5re bes\u00f8kende og samarbeidspartnere for t\u00e5lmodigheten og forst\u00e5elsen under renoveringsarbeidet. Vi ser frem til \u00e5 \u00f8nske dere velkomne tilbake til bibilioteket i juni. Du kan f\u00f8lge med p\u00e5 nyheter om renoveringsarbeidet <a href=\"https:\/\/nordichouse.is\/da\/renovering-i-nordens-hus\/\">her<\/a>.<\/p>\n<p>Du kan ogs\u00e5 melde deg p\u00e5 v\u00e5rt m\u00e5nedlige nyhetsbrev her, der vil du f\u00e5 nyheter om arrangementer, utstillinger og renoveringsarbeidets status.<\/p>\n<p><a href=\"https:\/\/nordichouse.is\/wp-content\/uploads\/2024\/01\/bokasafn_mynd2-scaled.jpg\"><img decoding=\"async\" class=\"aligncenter wp-image-57667 lazyload\" data-src=\"https:\/\/nordichouse.is\/wp-content\/uploads\/2024\/01\/bokasafn_mynd2-640x427.jpg\" alt=\"\" width=\"514\" height=\"343\" data-srcset=\"https:\/\/nordichouse.is\/wp-content\/uploads\/2024\/01\/bokasafn_mynd2-640x427.jpg 640w, https:\/\/nordichouse.is\/wp-content\/uploads\/2024\/01\/bokasafn_mynd2-1220x813.jpg 1220w, https:\/\/nordichouse.is\/wp-content\/uploads\/2024\/01\/bokasafn_mynd2-768x512.jpg 768w, https:\/\/nordichouse.is\/wp-content\/uploads\/2024\/01\/bokasafn_mynd2-1536x1024.jpg 1536w, https:\/\/nordichouse.is\/wp-content\/uploads\/2024\/01\/bokasafn_mynd2-2048x1365.jpg 2048w\" data-sizes=\"(max-width: 514px) 100vw, 514px\" src=\"data:image\/svg+xml;base64,PHN2ZyB3aWR0aD0iMSIgaGVpZ2h0PSIxIiB4bWxucz0iaHR0cDovL3d3dy53My5vcmcvMjAwMC9zdmciPjwvc3ZnPg==\" style=\"--smush-placeholder-width: 514px; --smush-placeholder-aspect-ratio: 514\/343;\" \/><\/a><\/p>\n<p><em>Nordens hus er et unikt landemerke i Reykjavik og et av Islands viktigste arkitektonikse bygninger. Bygningen ble designet av den finnske arkitekten Alvar Aalto og ble \u00e5pnet i 1968. Siden \u00e5pningen har Nordens hus v\u00e6rt et senter for nordisk samarbeid og kjernen av kulturlivet i Reykjavik.\u00a0<\/em><\/p>\n","protected":false},"excerpt":{"rendered":"<p>Kj\u00e6re gjester, grunnet den p\u00e5g\u00e5ende renoveringen av Nordens hus blir biblioteket og barnebiblioteket midlertidig stengt fra 19.februar. Etter planen skal bibliotekene gjen\u00e5pnes i juni 2024.\u00a0 Oppussingen av bibliotekene er en del av den helhetlige renoveringen av Nordens hus som har p\u00e5g\u00e5tt i delprosjekter siden 2022. Bygget er fredet av den islandske kulturarvstiftelsen og renoveringen vil [&hellip;]<\/p>\n","protected":false},"author":26,"featured_media":57665,"comment_status":"closed","ping_status":"closed","sticky":false,"template":"","format":"standard","meta":{"_acf_changed":false,"wds_primary_category":0,"footnotes":""},"categories":[51,2,88],"tags":[],"class_list":["post-57671","post","type-post","status-publish","format-standard","has-post-thumbnail","hentry","category-fra-biblioteket","category-oflokkad-da","category-underretninger","no-banner-image"],"acf":[],"_links":{"self":[{"href":"https:\/\/nordichouse.is\/da\/wp-json\/wp\/v2\/posts\/57671","targetHints":{"allow":["GET"]}}],"collection":[{"href":"https:\/\/nordichouse.is\/da\/wp-json\/wp\/v2\/posts"}],"about":[{"href":"https:\/\/nordichouse.is\/da\/wp-json\/wp\/v2\/types\/post"}],"author":[{"embeddable":true,"href":"https:\/\/nordichouse.is\/da\/wp-json\/wp\/v2\/users\/26"}],"replies":[{"embeddable":true,"href":"https:\/\/nordichouse.is\/da\/wp-json\/wp\/v2\/comments?post=57671"}],"version-history":[{"count":0,"href":"https:\/\/nordichouse.is\/da\/wp-json\/wp\/v2\/posts\/57671\/revisions"}],"wp:featuredmedia":[{"embeddable":true,"href":"https:\/\/nordichouse.is\/da\/wp-json\/wp\/v2\/media\/57665"}],"wp:attachment":[{"href":"https:\/\/nordichouse.is\/da\/wp-json\/wp\/v2\/media?parent=57671"}],"wp:term":[{"taxonomy":"category","embeddable":true,"href":"https:\/\/nordichouse.is\/da\/wp-json\/wp\/v2\/categories?post=57671"},{"taxonomy":"post_tag","embeddable":true,"href":"https:\/\/nordichouse.is\/da\/wp-json\/wp\/v2\/tags?post=57671"}],"curies":[{"name":"wp","href":"https:\/\/api.w.org\/{rel}","templated":true}]}}