{"id":55193,"date":"2023-02-23T11:06:10","date_gmt":"2023-02-23T11:06:10","guid":{"rendered":"https:\/\/nordichouse.is\/?p=55193"},"modified":"2023-02-23T11:45:11","modified_gmt":"2023-02-23T11:45:11","slug":"her-er-de-nominerede-til-nordisk-raads-litteraturpris-2023","status":"publish","type":"post","link":"https:\/\/nordichouse.is\/da\/her-er-de-nominerede-til-nordisk-raads-litteraturpris-2023\/","title":{"rendered":"Her er de nominerede til Nordisk R\u00e5ds litteraturpris 2023"},"content":{"rendered":"<h3 class=\"field field--name-field-description field--type-string-long field--label-hidden field__item\"><strong>14 romaner, beretninger, essays og digtsamlinger er nomineret til Nordisk R\u00e5ds litteraturpris 2023. Det er et st\u00e6rkt nordisk felt med v\u00e6rker fra samtlige lande og sprogomr\u00e5der. Vinderen offentligg\u00f8res den 31. oktober i Oslo.<\/strong><\/h3>\n<div class=\"field field--name-field-bodyfield field--type-entity-reference-revisions field--label-hidden field__items\">\n<div class=\"paragraph paragraph--type--text paragraph--view-mode--default\">\n<div class=\"clearfix text-formatted field field--name-field-body field--type-text-long field--label-hidden field__item\">\n<p>\u00c5rets nominerede v\u00e6rker kan alle l\u00e6ses som en slags hyldest til livet \u2013 det tragiske, magiske og forunderlige liv, der udspiller sig mellem individet, samfundet og naturen. Flere v\u00e6rker unders\u00f8ger voldens mange ansigter, b\u00e5de med historiske, litter\u00e6re og virkelighedsn\u00e6re referencer til traumer og sammenbrud.<\/p>\n<p>Derudover byder de nominerede p\u00e5 st\u00e6rkt sprogligt geh\u00f8r, genreoverskridende, flertr\u00e5dede fort\u00e6llinger og interesse for ritualer.<\/p>\n<p>Her er de nominerede til litteraturprisen 2023:<\/p>\n<\/div>\n<\/div>\n<div class=\"paragraph paragraph--type--text paragraph--view-mode--default\">\n<h2 class=\"field field--name-title field--type-string field--label-hidden field__item\">Danmark<\/h2>\n<\/div>\n<div class=\"paragraph paragraph--type--link paragraph--view-mode--default\">\n<div class=\"field field--name-link field--type-link field--label-hidden field__item\"><a class=\"icon icon_arrow\" href=\"https:\/\/www.norden.org\/da\/nominee\/niels-frank\">Fanden tage dig: Beretning om et kvindedrab af Niels Frank. Beretning, Gyldenda\u2026<\/a><\/div>\n<div class=\"field field--name-link field--type-link field--label-hidden field__item\"><a class=\"icon icon_arrow\" href=\"https:\/\/www.norden.org\/da\/nominee\/kirsten-hammann\">Georg-komplekset af Kirsten Hammann. Roman, Gyldendal, 2022.<\/a><\/div>\n<div><\/div>\n<\/div>\n<div class=\"paragraph paragraph--type--text paragraph--view-mode--default\">\n<h2 class=\"field field--name-title field--type-string field--label-hidden field__item\">Finland<\/h2>\n<\/div>\n<div class=\"paragraph paragraph--type--link paragraph--view-mode--default\">\n<div class=\"field field--name-link field--type-link field--label-hidden field__item\"><a class=\"icon icon_arrow\" href=\"https:\/\/www.norden.org\/da\/nominee\/emma-puikkonen\">Musta peili af Emma Puikkonen. Roman, WSOY, 2021.<\/a><\/div>\n<div class=\"field field--name-link field--type-link field--label-hidden field__item\"><a class=\"icon icon_arrow\" href=\"https:\/\/www.norden.org\/da\/nominee\/peter-sandstrom\">Den stora blondinens sista sommar af Peter Sandstr\u00f6m. Roman, Schildts &amp; S\u00f6derst\u2026<\/a><\/div>\n<div><\/div>\n<\/div>\n<div class=\"paragraph paragraph--type--text paragraph--view-mode--default\">\n<h2 class=\"field field--name-title field--type-string field--label-hidden field__item\">F\u00e6r\u00f8erne<\/h2>\n<\/div>\n<div class=\"paragraph paragraph--type--link paragraph--view-mode--default\">\n<div class=\"field field--name-link field--type-link field--label-hidden field__item\"><a class=\"icon icon_arrow\" href=\"https:\/\/www.norden.org\/da\/nominee\/marjun-syderbo-kjelnaes\">Karmageitin og Gentukamari\u00f0 af Marjun Syderb\u00f8 Kjeln\u00e6s. Digte og drama, Ungu F\u00f8r\u2026<\/a><\/div>\n<div><\/div>\n<\/div>\n<div class=\"paragraph paragraph--type--text paragraph--view-mode--default\">\n<h2 class=\"field field--name-title field--type-string field--label-hidden field__item\">Gr\u00f8nland<\/h2>\n<\/div>\n<div class=\"paragraph paragraph--type--link paragraph--view-mode--default\">\n<div class=\"field field--name-link field--type-link field--label-hidden field__item\"><a class=\"icon icon_arrow\" href=\"https:\/\/www.norden.org\/da\/nominee\/katrine-rasmussen-kielsen\">Qivittuissuit akornanniinnikuuvunga af Katrine Rasmussen Kielsen. Roman, Katrin\u2026<\/a><\/div>\n<div><\/div>\n<\/div>\n<div class=\"paragraph paragraph--type--text paragraph--view-mode--default\">\n<h2 class=\"field field--name-title field--type-string field--label-hidden field__item\">Island<\/h2>\n<\/div>\n<div class=\"paragraph paragraph--type--link paragraph--view-mode--default\">\n<div class=\"field field--name-link field--type-link field--label-hidden field__item\"><a class=\"icon icon_arrow\" href=\"https:\/\/www.norden.org\/da\/nominee\/gudni-elisson\">Lj\u00f3sgildran af Gu\u00f0ni El\u00edsson. Roman, Lesstofan, 2021.<\/a><\/div>\n<div class=\"field field--name-link field--type-link field--label-hidden field__item\"><a class=\"icon icon_arrow\" href=\"https:\/\/www.norden.org\/da\/nominee\/ragnar-helgi-olafsson\">Laus bl\u00f6\u00f0 af Ragnar Helgi \u00d3lafsson. Digtsamling, Bjartur, 2021.<\/a><\/div>\n<div><\/div>\n<\/div>\n<div class=\"paragraph paragraph--type--text paragraph--view-mode--default\">\n<h2 class=\"field field--name-title field--type-string field--label-hidden field__item\">Norge<\/h2>\n<\/div>\n<div class=\"paragraph paragraph--type--link paragraph--view-mode--default\">\n<div class=\"field field--name-link field--type-link field--label-hidden field__item\"><a class=\"icon icon_arrow\" href=\"https:\/\/www.norden.org\/da\/nominee\/ingeborg-arvola\">Kniven i ilden af Ingeborg Arvola. Roman, Cappelen Damm, 2022. <\/a><\/div>\n<div class=\"field field--name-link field--type-link field--label-hidden field__item\"><a class=\"icon icon_arrow\" href=\"https:\/\/www.norden.org\/da\/nominee\/kathrine-nedrejord\">Forbryter og straff af Kathrine Nedrejord. Roman. Forlaget Oktober, 2022.<\/a><\/div>\n<div><\/div>\n<\/div>\n<div class=\"paragraph paragraph--type--text paragraph--view-mode--default\">\n<h2 class=\"field field--name-title field--type-string field--label-hidden field__item\">Det samiske sprogomr\u00e5de<\/h2>\n<\/div>\n<div class=\"paragraph paragraph--type--link paragraph--view-mode--default\">\n<div class=\"field field--name-link field--type-link field--label-hidden field__item\"><a class=\"icon icon_arrow\" href=\"https:\/\/www.norden.org\/da\/nominee\/anne-grethe-leine-bientie-bierna-leine-bientie\">Jaememe mijjen luvnie jeala af Anne-Grethe Leine Bientie &amp; Bierna Leine Bientie\u2026<\/a><\/div>\n<div><\/div>\n<\/div>\n<div class=\"paragraph paragraph--type--text paragraph--view-mode--default\">\n<h2 class=\"field field--name-title field--type-string field--label-hidden field__item\">Sverige<\/h2>\n<\/div>\n<div class=\"paragraph paragraph--type--link paragraph--view-mode--default\">\n<div class=\"field field--name-link field--type-link field--label-hidden field__item\"><a class=\"icon icon_arrow\" href=\"https:\/\/www.norden.org\/da\/nominee\/joanna-rubin-dranger\">Ih\u00e5gkom oss till liv af Joanna Rubin Dranger. Grafisk roman, Albert Bonniers F\u00f6\u2026<\/a><\/div>\n<div class=\"field field--name-link field--type-link field--label-hidden field__item\"><a class=\"icon icon_arrow\" href=\"https:\/\/www.norden.org\/da\/nominee\/isabella-nilsson\">En bok f\u00f6r Ingen af Isabella Nilsson. Essays, Ellerstr\u00f6ms, 2022.<\/a><\/div>\n<div><\/div>\n<\/div>\n<div class=\"paragraph paragraph--type--text paragraph--view-mode--default\">\n<h2 class=\"field field--name-title field--type-string field--label-hidden field__item\">\u00c5land<\/h2>\n<\/div>\n<div class=\"paragraph paragraph--type--link paragraph--view-mode--default\">\n<div class=\"field field--name-link field--type-link field--label-hidden field__item\"><a class=\"icon icon_arrow\" href=\"https:\/\/www.norden.org\/da\/nominee\/zandra-lundberg\">Konsten att inte hitta sig sj\u00e4lv p\u00e5 Bali af Zandra Lundberg. Prosafort\u00e6lling, S\u2026<\/a><\/div>\n<\/div>\n<div class=\"paragraph paragraph--type--text paragraph--view-mode--default\">\n<div class=\"clearfix text-formatted field field--name-field-body field--type-text-long field--label-hidden field__item\">\n<p>Det er de nationale medlemmer i bed\u00f8mmelseskomit\u00e9en for Nordisk R\u00e5ds litteraturpris, der har nomineret v\u00e6rkerne til Nordisk R\u00e5ds litteraturpris 2023.<\/p>\n<\/div>\n<\/div>\n<div class=\"paragraph paragraph--type--link paragraph--view-mode--default\">\n<div class=\"field field--name-link field--type-link field--label-hidden field__item\"><a class=\"icon icon_arrow\" href=\"https:\/\/www.norden.org\/da\/organisation\/bedoemmelseskomiteen-nordisk-raads-litteraturpris\">Bed\u00f8mmelseskomit\u00e9en for Nordisk R\u00e5ds litteraturpris<\/a><\/div>\n<div><\/div>\n<\/div>\n<div class=\"paragraph paragraph--type--text paragraph--view-mode--default\">\n<h2 class=\"field field--name-title field--type-string field--label-hidden field__item\">Vinderen pr\u00e6senteres den 31. oktober<\/h2>\n<div class=\"clearfix text-formatted field field--name-field-body field--type-text-long field--label-hidden field__item\">\n<p>Vinderen af Nordisk R\u00e5ds litteraturpris 2023 offentligg\u00f8res den 31. oktober i Oslo i forbindelse med Nordisk R\u00e5ds session. Vinderen modtager prisstatuetten &#8220;Nordlys&#8221; og 300.000 danske kroner.<\/p>\n<\/div>\n<\/div>\n<div class=\"paragraph paragraph--type--text paragraph--view-mode--default\">\n<h2 class=\"field field--name-title field--type-string field--label-hidden field__item\">Om Nordisk R\u00e5ds litteraturpris<\/h2>\n<div class=\"clearfix text-formatted field field--name-field-body field--type-text-long field--label-hidden field__item\">\n<p>Nordisk R\u00e5ds litteraturpris er siden 1962 blevet uddelt til et sk\u00f8nlitter\u00e6rt v\u00e6rk skrevet p\u00e5 et af de nordiske sprog. Det kan v\u00e6re en roman, et drama, en digtsamling, en novellesamling eller en essaysamling, som opfylder h\u00f8je litter\u00e6re og kunstneriske krav.<\/p>\n<p>Nordisk R\u00e5ds Litteraturprissekretariat er i Nordens Hus i Reykjavik. Sekretariatsleder er Sofie Hermansen Eriksdatter<\/p>\n<p>Form\u00e5let med Nordisk R\u00e5ds fem priser er at \u00f8ge interessen for det nordiske kulturf\u00e6llesskab og det nordiske milj\u00f8samarbejde, samtidigt med at anerkende fremtr\u00e6dende kunstneriske og milj\u00f8m\u00e6ssige indsatser.<\/p>\n<\/div>\n<\/div>\n<div class=\"paragraph paragraph--type--link paragraph--view-mode--default\">\n<div class=\"field field--name-link field--type-link field--label-hidden field__item\">\n<p><a class=\"icon icon_arrow\" href=\"https:\/\/www.norden.org\/da\/information\/om-nordisk-raads-litteraturpris\">L\u00e6s mere om Nordisk R\u00e5ds litteraturpris.<\/a><\/p>\n<p>https:\/\/youtu.be\/md0h-Qbn_LE<\/p>\n<\/div>\n<div><\/div>\n<\/div>\n<\/div>\n","protected":false},"excerpt":{"rendered":"<p>14 romaner, beretninger, essays og digtsamlinger er nomineret til Nordisk R\u00e5ds litteraturpris 2023. Det er et st\u00e6rkt nordisk felt med v\u00e6rker fra samtlige lande og sprogomr\u00e5der. Vinderen offentligg\u00f8res den 31. oktober i Oslo. \u00c5rets nominerede v\u00e6rker kan alle l\u00e6ses som en slags hyldest til livet \u2013 det tragiske, magiske og forunderlige liv, der udspiller sig [&hellip;]<\/p>\n","protected":false},"author":26,"featured_media":55190,"comment_status":"closed","ping_status":"closed","sticky":false,"template":"","format":"standard","meta":{"_acf_changed":false,"wds_primary_category":0,"footnotes":""},"categories":[88],"tags":[],"class_list":["post-55193","post","type-post","status-publish","format-standard","has-post-thumbnail","hentry","category-underretninger","no-banner-image"],"acf":[],"_links":{"self":[{"href":"https:\/\/nordichouse.is\/da\/wp-json\/wp\/v2\/posts\/55193","targetHints":{"allow":["GET"]}}],"collection":[{"href":"https:\/\/nordichouse.is\/da\/wp-json\/wp\/v2\/posts"}],"about":[{"href":"https:\/\/nordichouse.is\/da\/wp-json\/wp\/v2\/types\/post"}],"author":[{"embeddable":true,"href":"https:\/\/nordichouse.is\/da\/wp-json\/wp\/v2\/users\/26"}],"replies":[{"embeddable":true,"href":"https:\/\/nordichouse.is\/da\/wp-json\/wp\/v2\/comments?post=55193"}],"version-history":[{"count":0,"href":"https:\/\/nordichouse.is\/da\/wp-json\/wp\/v2\/posts\/55193\/revisions"}],"wp:featuredmedia":[{"embeddable":true,"href":"https:\/\/nordichouse.is\/da\/wp-json\/wp\/v2\/media\/55190"}],"wp:attachment":[{"href":"https:\/\/nordichouse.is\/da\/wp-json\/wp\/v2\/media?parent=55193"}],"wp:term":[{"taxonomy":"category","embeddable":true,"href":"https:\/\/nordichouse.is\/da\/wp-json\/wp\/v2\/categories?post=55193"},{"taxonomy":"post_tag","embeddable":true,"href":"https:\/\/nordichouse.is\/da\/wp-json\/wp\/v2\/tags?post=55193"}],"curies":[{"name":"wp","href":"https:\/\/api.w.org\/{rel}","templated":true}]}}