{"id":55042,"date":"2023-02-07T15:04:02","date_gmt":"2023-02-07T15:04:02","guid":{"rendered":"https:\/\/nordichouse.is\/?p=55042"},"modified":"2023-02-07T15:07:26","modified_gmt":"2023-02-07T15:07:26","slug":"foereslaa-kandidater-till-nordiska-raadets-miljoepris-2023","status":"publish","type":"post","link":"https:\/\/nordichouse.is\/da\/foereslaa-kandidater-till-nordiska-raadets-miljoepris-2023\/","title":{"rendered":"F\u00f6resl\u00e5 kandidater till Nordiska r\u00e5dets milj\u00f6pris 2023"},"content":{"rendered":"<h3 class=\"field field--name-field-description field--type-string-long field--label-hidden field__item\">Nordiska r\u00e5dets milj\u00f6pris inbjuder allm\u00e4nheten att f\u00f6resl\u00e5 kandidater till priset. <strong>\u00c5rets tema \u00e4r h\u00e5llbar produktion och konsumtion av textilier.<\/strong><\/p>\n<p><a href=\"https:\/\/www.norden.org\/sv\/node\/78802\"><strong>F\u00f6resl\u00e5 en kanditat<\/strong><\/a><\/h3>\n<div class=\"field field--name-field-bodyfield field--type-entity-reference-revisions field--label-hidden field__items\">\n<div class=\"paragraph paragraph--type--text paragraph--view-mode--default\">\n<div class=\"clearfix text-formatted field field--name-field-body field--type-text-long field--label-hidden field__item\">\n<p>Produktionen och konsumtionen av textiler sammanh\u00e4nger med stora negativa avtryck p\u00e5 b\u00e5de milj\u00f6 och klimat. Med \u00e5rets tema vill bed\u00f6mningskommitt\u00e9n s\u00e4tta fokus p\u00e5 att Norden kan vara f\u00f6reg\u00e5ngare i den n\u00f6dv\u00e4ndiga omst\u00e4llningen i hela textilv\u00e4rdekedjan.<\/p>\n<p>&#8211; Den oh\u00e5llbara inst\u00e4llningen till textilier \u00e4r ett globalt problem, men vi i Norden har en s\u00e4rskild f\u00f6rpliktelse att \u00e4ndra beteendet och st\u00e4lla om oss. Vi har n\u00e4mligen en massiv f\u00f6rbrukning som p\u00e5verkar l\u00e5ngt utanf\u00f6r v\u00e5ra landsgr\u00e4nser. Kort sagt k\u00f6per vi f\u00f6r mycket, anv\u00e4nder det vi k\u00f6per f\u00f6r lite, och s\u00e5 \u00e5teranv\u00e4nder vi inte tillr\u00e4ckligt, s\u00e4ger Cilia Indahl, ordf\u00f6rande\u00a0f\u00f6r bed\u00f6mningskommitt\u00e9n f\u00f6r Nordiska\u00a0r\u00e5dets milj\u00f6pris.<\/p>\n<p>\u00c5rets tema omfattar textiliers hela livstid fr\u00e5n r\u00e5varuproduktion till design, f\u00f6rs\u00e4ljning, reparation, \u00e5teranv\u00e4ndning och bortskaffning.<\/p>\n<p>&#8211; Vi \u00e4r i en situation d\u00e4r vi m\u00e5ste minska konsumtionen, f\u00f6rl\u00e4nga textilernas livstid och introducera cirkul\u00e4ra aff\u00e4rsmodeller. Vi hoppas att milj\u00f6priset kan bidra till att visa att en h\u00e5llbar textilindustri \u00e4r m\u00f6jlig och att det redan existerar goda exempel som man kan l\u00e5ta sig inspireras av, s\u00e4ger Cilia Indahl.<\/p>\n<\/div>\n<\/div>\n<\/div>\n<div class=\"field field--name-field-bodyfield field--type-entity-reference-revisions field--label-hidden field__items\">\n<div class=\"paragraph paragraph--type--text paragraph--view-mode--default\">\n<div class=\"clearfix text-formatted field field--name-field-body field--type-text-long field--label-hidden field__item\">\n<p><a href=\"https:\/\/www.norden.org\/is\/news\/sendu-inn-tilnefningu-til-umhverfisverdlauna-nordurlandarads-2023\">L\u00e6s mer om temat her.<\/a><\/p>\n<div class=\"paragraph paragraph--type--text paragraph--view-mode--default\">\n<h2 class=\"field field--name-title field--type-string field--label-hidden field__item\">Alla kan f\u00f6resl\u00e5 kandidater<\/h2>\n<div class=\"clearfix text-formatted field field--name-field-body field--type-text-long field--label-hidden field__item\">\n<p>Som det enda av Nordiska r\u00e5dets priser \u00e4r nomineringsprocessen till milj\u00f6priset \u00f6ppen f\u00f6r allm\u00e4nheten och alla kan d\u00e4rf\u00f6r f\u00f6resl\u00e5 kandidater.<\/p>\n<p><strong>Tidsfristen f\u00f6r f\u00f6rslag\u00a0\u00e4r tisdag 9 maj.<\/strong><\/p>\n<p><strong style=\"font-size: 1rem;\">Vem kan f\u00f6resl\u00e5s?<\/strong><span style=\"font-size: 1rem;\"> Priset delas ut till en nordisk n\u00e4ringsverksamhet, organisation eller person som p\u00e5 ett f\u00f6red\u00f6mligt s\u00e4tt har lyckats integrera h\u00e4nsynen till milj\u00f6n i sin verksamhet eller i sitt arbete eller som p\u00e5 annat s\u00e4tt har gjort en extraordin\u00e4r insats f\u00f6r natur och milj\u00f6. Den eller de som f\u00e5r priset ska ha ett nordiskt perspektiv och vara verksam i Norden och\/eller i relation till parter utanf\u00f6r Norden. \u00a0<\/span><\/p>\n<\/div>\n<div class=\"clearfix text-formatted field field--name-field-body field--type-text-long field--label-hidden field__item\">\n<p><img decoding=\"async\" class=\"wp-image-55036 lazyload\" data-src=\"https:\/\/nordichouse.is\/wp-content\/uploads\/2023\/02\/23470-640x427.jpg\" alt=\"\" width=\"722\" height=\"482\" data-srcset=\"https:\/\/nordichouse.is\/wp-content\/uploads\/2023\/02\/23470-640x427.jpg 640w, https:\/\/nordichouse.is\/wp-content\/uploads\/2023\/02\/23470-1220x813.jpg 1220w, https:\/\/nordichouse.is\/wp-content\/uploads\/2023\/02\/23470-768x512.jpg 768w, https:\/\/nordichouse.is\/wp-content\/uploads\/2023\/02\/23470-1536x1024.jpg 1536w, https:\/\/nordichouse.is\/wp-content\/uploads\/2023\/02\/23470-2048x1365.jpg 2048w\" data-sizes=\"(max-width: 722px) 100vw, 722px\" src=\"data:image\/svg+xml;base64,PHN2ZyB3aWR0aD0iMSIgaGVpZ2h0PSIxIiB4bWxucz0iaHR0cDovL3d3dy53My5vcmcvMjAwMC9zdmciPjwvc3ZnPg==\" style=\"--smush-placeholder-width: 722px; --smush-placeholder-aspect-ratio: 722\/482;\" \/>Fotograf: Nanna Navntoft \/ Ritzau Scanpix<\/p>\n<\/div>\n<\/div>\n<div class=\"paragraph paragraph--type--fact paragraph--view-mode--default paragraph-fact-1\">\n<div class=\"clearfix text-formatted field field--name-field-body field--type-text-long field--label-hidden field__item\">\n<p><em><br \/>\nNordiska r\u00e5dets milj\u00f6pris\u00a0utdelades f\u00f6rsta g\u00e5ngen 1995 och har som m\u00e5l att \u00f6ka medvetenheten om milj\u00f6arbetet i Norden. Nordiska r\u00e5det utdelar ocks\u00e5 ett litteraturpris, ett musikpris, ett filmpris och ett pris till barn- och ungdomslitteratur.<\/em><\/p>\n<\/div>\n<\/div>\n<\/div>\n<\/div>\n<\/div>\n","protected":false},"excerpt":{"rendered":"<p>Nordiska r\u00e5dets milj\u00f6pris inbjuder allm\u00e4nheten att f\u00f6resl\u00e5 kandidater till priset. \u00c5rets tema \u00e4r h\u00e5llbar produktion och konsumtion av textilier. F\u00f6resl\u00e5 en kanditat Produktionen och konsumtionen av textiler sammanh\u00e4nger med stora negativa avtryck p\u00e5 b\u00e5de milj\u00f6 och klimat. Med \u00e5rets tema vill bed\u00f6mningskommitt\u00e9n s\u00e4tta fokus p\u00e5 att Norden kan vara f\u00f6reg\u00e5ngare i den n\u00f6dv\u00e4ndiga omst\u00e4llningen i [&hellip;]<\/p>\n","protected":false},"author":26,"featured_media":55040,"comment_status":"closed","ping_status":"closed","sticky":false,"template":"","format":"standard","meta":{"_acf_changed":false,"wds_primary_category":0,"footnotes":""},"categories":[88],"tags":[],"class_list":["post-55042","post","type-post","status-publish","format-standard","has-post-thumbnail","hentry","category-underretninger","no-banner-image"],"acf":[],"_links":{"self":[{"href":"https:\/\/nordichouse.is\/da\/wp-json\/wp\/v2\/posts\/55042","targetHints":{"allow":["GET"]}}],"collection":[{"href":"https:\/\/nordichouse.is\/da\/wp-json\/wp\/v2\/posts"}],"about":[{"href":"https:\/\/nordichouse.is\/da\/wp-json\/wp\/v2\/types\/post"}],"author":[{"embeddable":true,"href":"https:\/\/nordichouse.is\/da\/wp-json\/wp\/v2\/users\/26"}],"replies":[{"embeddable":true,"href":"https:\/\/nordichouse.is\/da\/wp-json\/wp\/v2\/comments?post=55042"}],"version-history":[{"count":0,"href":"https:\/\/nordichouse.is\/da\/wp-json\/wp\/v2\/posts\/55042\/revisions"}],"wp:featuredmedia":[{"embeddable":true,"href":"https:\/\/nordichouse.is\/da\/wp-json\/wp\/v2\/media\/55040"}],"wp:attachment":[{"href":"https:\/\/nordichouse.is\/da\/wp-json\/wp\/v2\/media?parent=55042"}],"wp:term":[{"taxonomy":"category","embeddable":true,"href":"https:\/\/nordichouse.is\/da\/wp-json\/wp\/v2\/categories?post=55042"},{"taxonomy":"post_tag","embeddable":true,"href":"https:\/\/nordichouse.is\/da\/wp-json\/wp\/v2\/tags?post=55042"}],"curies":[{"name":"wp","href":"https:\/\/api.w.org\/{rel}","templated":true}]}}