{"id":4774,"date":"2016-08-17T09:40:58","date_gmt":"2016-08-17T09:40:58","guid":{"rendered":"https:\/\/nordichouse.is\/hugmyndasamkeppni-kolon-2\/"},"modified":"2016-08-17T13:45:56","modified_gmt":"2016-08-17T13:45:56","slug":"hugmyndasamkeppni-kolon","status":"publish","type":"post","link":"https:\/\/nordichouse.is\/da\/hugmyndasamkeppni-kolon\/","title":{"rendered":"Call for Ideas til ny nordisk sprog- og kulturfestival"},"content":{"rendered":"<h2 style=\"text-align: left;\">KOLON \u2013 nordisk sprog- og kulturfestival<\/h2>\n<p>Call for Ideas til ny nordisk sprog- og kulturfestival: Hvilke v\u00e6rdier skal forme Norden i fremtiden?<\/p>\n<p>Det nordiske f\u00e6llesskab deduceres I den offentlige bevidsthed ofte til nogen med vikingerne eller pasunionen. Men I stedet for at skue tilbage I tiden, ser Nordisk Sprogkoordination fremad og pr\u00e6senterer en nu sprog &#8211; og kulturfestival.<\/p>\n<p>KOLON bliver den f\u00f8rste og st\u00f8rste nordiske sprog og kulturfestival, n\u00e5r den l\u00f8ber af stablen i Aarhus fra 19. til 23. september 2017.<\/p>\n<p><strong>Vil du bidrage med indslag p\u00e5 festivalen<\/strong><\/p>\n<p>Vi \u00f8nsker bidrag fra alle otte nordiske lande, s\u00e5 festivalen bliver s\u00e5 mangfoldig som mulig.\u00a0 For at kunde komme i betragtning sjak dit bidrag v\u00e6re framadskuende, afspejle nordiske v\u00e6rdier (fx ligestilling, f\u00e6llesskab, milj\u00f8hensyn, demokrati, uddannelse, eller innovation) og foreg\u00e5 p\u00e5 et af de nordiske sprog.<\/p>\n<p>Send dit forslag senest den 1. november til programkoordinator Marie N\u00f8rskov B\u00e6rentsen.<\/p>\n<p><a href=\"mailto:marie@fnfnorden.org\">marie@fnfnorden.org<\/a><\/p>\n<p>&nbsp;<\/p>\n<p><img decoding=\"async\" class=\"alignnone size-full wp-image-4791 lazyload\" data-src=\"https:\/\/nordichouse.is\/wp-content\/uploads\/2016\/08\/kolon_banner_web-02.png\" alt=\"kolon_banner_web-02\" width=\"229\" height=\"177\" src=\"data:image\/svg+xml;base64,PHN2ZyB3aWR0aD0iMSIgaGVpZ2h0PSIxIiB4bWxucz0iaHR0cDovL3d3dy53My5vcmcvMjAwMC9zdmciPjwvc3ZnPg==\" style=\"--smush-placeholder-width: 229px; --smush-placeholder-aspect-ratio: 229\/177;\" \/><\/p>\n<p>&nbsp;<\/p>\n<p>&nbsp;<\/p>\n","protected":false},"excerpt":{"rendered":"<p>KOLON \u2013 nordisk sprog- og kulturfestival Call for Ideas til ny nordisk sprog- og kulturfestival: Hvilke v\u00e6rdier skal forme Norden i fremtiden? Det nordiske f\u00e6llesskab deduceres I den offentlige bevidsthed ofte til nogen med vikingerne eller pasunionen. Men I stedet for at skue tilbage I tiden, ser Nordisk Sprogkoordination fremad og pr\u00e6senterer en nu sprog [&hellip;]<\/p>\n","protected":false},"author":26,"featured_media":0,"comment_status":"closed","ping_status":"closed","sticky":false,"template":"","format":"standard","meta":{"_acf_changed":false,"wds_primary_category":0,"footnotes":""},"categories":[88],"tags":[],"class_list":["post-4774","post","type-post","status-publish","format-standard","hentry","category-underretninger","no-banner-image"],"acf":[],"_links":{"self":[{"href":"https:\/\/nordichouse.is\/da\/wp-json\/wp\/v2\/posts\/4774","targetHints":{"allow":["GET"]}}],"collection":[{"href":"https:\/\/nordichouse.is\/da\/wp-json\/wp\/v2\/posts"}],"about":[{"href":"https:\/\/nordichouse.is\/da\/wp-json\/wp\/v2\/types\/post"}],"author":[{"embeddable":true,"href":"https:\/\/nordichouse.is\/da\/wp-json\/wp\/v2\/users\/26"}],"replies":[{"embeddable":true,"href":"https:\/\/nordichouse.is\/da\/wp-json\/wp\/v2\/comments?post=4774"}],"version-history":[{"count":0,"href":"https:\/\/nordichouse.is\/da\/wp-json\/wp\/v2\/posts\/4774\/revisions"}],"wp:attachment":[{"href":"https:\/\/nordichouse.is\/da\/wp-json\/wp\/v2\/media?parent=4774"}],"wp:term":[{"taxonomy":"category","embeddable":true,"href":"https:\/\/nordichouse.is\/da\/wp-json\/wp\/v2\/categories?post=4774"},{"taxonomy":"post_tag","embeddable":true,"href":"https:\/\/nordichouse.is\/da\/wp-json\/wp\/v2\/tags?post=4774"}],"curies":[{"name":"wp","href":"https:\/\/api.w.org\/{rel}","templated":true}]}}