{"id":27993,"date":"2021-03-22T09:59:16","date_gmt":"2021-03-22T09:59:16","guid":{"rendered":"https:\/\/nordichouse.is\/dagur-nordurlanda-23-mars-fjolbreyttir-vidburdir-ut-vikuna-tengdir-norraenni-menningu\/"},"modified":"2021-03-22T19:28:02","modified_gmt":"2021-03-22T19:28:02","slug":"dagur-nordurlanda-23-mars-fjolbreyttir-vidburdir-ut-vikuna-tengdir-norraenni-menningu","status":"publish","type":"post","link":"https:\/\/nordichouse.is\/da\/dagur-nordurlanda-23-mars-fjolbreyttir-vidburdir-ut-vikuna-tengdir-norraenni-menningu\/","title":{"rendered":"Nordens dag 23. mars \u2013 spennende program ut uken knyttet til nordisk kultur"},"content":{"rendered":"<p>Nordens dag arrangeres \u00e5rlig den 23. mars for \u00e5 feire nordisk samarbeid og fremheve dens viktighet. I \u00e5r feires dagen i Nordens hus med et variert program gjennom uken. Arrangementene vil rette et spesielt fokus p\u00e5 det nordiske kultursamarbeidet og nordisk liv gjennom debatt, konsert, mat, barne- og ungdomslitteratur, fotokonkurranse med mer. Programmet arrangeres i samarbeid med Foreningen Norden, de Nordiske ambassadene og representasjonene p\u00e5 Island.<\/p>\n<p>P\u00e5 selve Nordens dag vil man diskutere sammen med artister, ut\u00f8vere og politikere verdien av kultur i Norden, spesielt under koronapandemien. Kaf\u00e9en MATR vil tilby Nordiske s\u00f8tsaker, og man vil holde en kreativ presentasjon for 6-klassinger med fokus p\u00e5 popkultur og spr\u00e5k i de andre Nordiske landene. P\u00e5 l\u00f8rdag arrangerer man arbeidsverksted med barn basert p\u00e5 en ny Finsk barnebok, og p\u00e5 kvelden hybrid-konsert med den danske musikeren Tue West og islandske GDRN. Man har ogs\u00e5 arrangert en fotokonkurranse hvor du kan delta med bruk av hashtaggene #nordicdayiceland og #dagurnordurlanda frem til tirsdag kl 15.00, for deretter \u00e5 stemme p\u00e5 din favoritt p\u00e5 Nordens hus Facebook-sider.<\/p>\n<h2><strong>I mer detaljer: <\/strong><\/h2>\n<p><strong>Fotokonkurranse \u00abNordisk liv\u00bb<br \/>\nInntil l\u00f8rdag 27 mars kl 15.00.<br \/>\n<\/strong>En fotokonkurranse hvor man kan legge til og stemme p\u00e5 bilder som representerer Nordisk liv ved bruk av hashtaggen #nordicdayiceland og #dagurnordurlanda.<\/p>\n<p><strong>Diskusjon om verdien av kultur i Norden i kriseperioder. Nordisk kultursamarbeid i fortid, n\u00e5tid og fremtid.<br \/>\nTirsdag 23. mars kl 17.00-18.15 &#8211; streamet arrangement<br \/>\n<\/strong>Hvilken rolle har kultur spilt i det nordiske samarbeidet i de 50 \u00e5r siden Nordisk ministerr\u00e5d ble stiftet? Hvordan har koronapandemien p\u00e5virket det nordiske kulturlivet? Hvilken rolle vil kultur spille fremover i det nordiske samarbeidet? Disse sp\u00f8rsm\u00e5lene vil politikere, innbyggere og representanter fra kulturlivet diskutere n\u00e6rmere.<\/p>\n<p>Blant deltakerne finner du:<br \/>\n&#8211; G\u00edsli \u00d6rn Gar\u00f0arsson, skuespiller og regiss\u00f8r<br \/>\n&#8211; Ald\u00eds Mj\u00f6ll Geirsd\u00f3ttir, President for Ungdommens Nordiske r\u00e5d (UNR).<br \/>\n&#8211; Tue West, musiker<br \/>\n&#8211; Steinunn \u00de\u00f3ra \u00c1rnad\u00f3ttir, medlem av Nordisk r\u00e5ds presidium og styremedlem i Nordisk kulturfond<br \/>\n&#8211; Sigur\u00f0ur Ingi J\u00f3hannsson, Nordisk samarbeidsminister<br \/>\n&#8211; Ann-Sofie Stude, Finlands ambassad\u00f8r til Island<\/p>\n<p>Mer informasjon om livestreamen finner du <a href=\"https:\/\/nordichouse.is\/da\/begivenhed\/verdien-av-kultur-i-norden-i-kriseperioder-nordisk-kultursamarbeid-i-fortid-naatid-og-fremtid\/\">her.<\/a><\/p>\n<p><strong><br \/>\nLynkurs med 6-klassinger om Nordisk popul\u00e6rkultur og spr\u00e5k<br \/>\nTirsdag 23. mars 10:00-12:00<br \/>\n<\/strong>6-klassinger ved H\u00f3labrekkusk\u00f3li, vennskapsskolen til Nordens hus, vil f\u00e5 et kreativt lynkurs i Nordisk popul\u00e6rkultur og spr\u00e5k. Kurset arrangeres av praktikantene ved Nordens hus, de nordiske ambassadene og representasjonene og EU delegasjonen. Bes\u00f8ker avsluttes med quiz om de nordiske landene. Form\u00e5let til vennskapsskolen er \u00e5 gi elevene kjennskap til kulturer p\u00e5 tvers av landegrensene.<\/p>\n<p><strong><br \/>\nNominasjonene til Nordisk r\u00e5ds barne- og ungdomslitteraturpris<br \/>\nTorsdag 25. mars 10:30-11:30<br \/>\n<\/strong>\u00c5rets nominerte til prisen introduseres med program i det nordiske hus med tilstedev\u00e6relse av en skoleklasse, juryen og de islandske nominerte.<\/p>\n<p><strong><br \/>\nArbeidsverksted for barn \u2013 skap ditt eget sj\u00f8dyret<br \/>\nL\u00f8rdag 27. mars kl 13.00-15.00.<br \/>\n<\/strong>Arbeidsworkshop med fokus p\u00e5 en ny bok fra den finske forfatteren Linda Bondestam, som forteller om eventyret til det ensomme sj\u00f8dyret. Registrering er n\u00f8dvendig, og kan gj\u00f8res via: <a href=\"mailto:hrafnhildur@nordichouse.is\">hrafnhildur@nordichouse.is<\/a>.<\/p>\n<p><a href=\"https:\/\/nordichouse.is\/da\/begivenhed\/eggid-gagnvirk-syning-fyrir-born\/\">Mer informasjon om barneutstillingen \u00abEgget\u00bb ved Nordens hus, basert p\u00e5 arbeid fra samme forfatter.<\/a><\/p>\n<p><strong><br \/>\nKonsert med Tue West og GDRN<br \/>\nL\u00f8rdag 27 mars kl 20:00.<\/strong><br \/>\nNordisk musikk natt med den danske musikeren Tue West og islandske GDRN. Dette er et hybrid arrangement som ogs\u00e5 vil bli streamet. Konserten arrangeres i samarbeid med den danske ambassaden og EU delegasjonen. Billetter er tilgjengelig via tix.is, 1000 ISK for studenter og 1500 for alle andre. Mer info <a href=\"https:\/\/tix.is\/en\/event\/11100\/norr-nt-tonlistarkvold\/\">her<\/a>.<\/p>\n<p><strong><br \/>\nFortellerstund for barn<br \/>\nL\u00f8rdag og s\u00f8ndag 27 og 28 mars.<br \/>\n<\/strong>H\u00f8ytlesning fra monster-b\u00f8kene \u00c1slaug J\u00f3nsdottir.<br \/>\nL\u00f8rdag kl 12:00 p\u00e5 norsk, s\u00f8ndag kl 11:00 p\u00e5 islandsk, 12:30 p\u00e5 svensk, 14:00 p\u00e5 finsk og 15:30 p\u00e5 dansk.<\/p>\n<p><strong><br \/>\nNordiske s\u00f8tsaker i kaf\u00e9 MATR<br \/>\n<\/strong>T<strong>irsdag til fredag kl 12:00-16:00<\/strong><br \/>\nKaf\u00e9en MATR selger nordiske s\u00f8tsaker utover sin vanlige meny gjennom uken.<\/p>\n","protected":false},"excerpt":{"rendered":"<p>Nordens dag arrangeres \u00e5rlig den 23. mars for \u00e5 feire nordisk samarbeid og fremheve dens viktighet. I \u00e5r feires dagen i Nordens hus med et variert program gjennom uken. Arrangementene vil rette et spesielt fokus p\u00e5 det nordiske kultursamarbeidet og nordisk liv gjennom debatt, konsert, mat, barne- og ungdomslitteratur, fotokonkurranse med mer. Programmet arrangeres i [&hellip;]<\/p>\n","protected":false},"author":26,"featured_media":27987,"comment_status":"closed","ping_status":"closed","sticky":false,"template":"","format":"standard","meta":{"_acf_changed":false,"wds_primary_category":0,"footnotes":""},"categories":[88],"tags":[598],"class_list":["post-27993","post","type-post","status-publish","format-standard","has-post-thumbnail","hentry","category-underretninger","tag-dagur-nordurlanda-da","no-banner-image"],"acf":[],"_links":{"self":[{"href":"https:\/\/nordichouse.is\/da\/wp-json\/wp\/v2\/posts\/27993","targetHints":{"allow":["GET"]}}],"collection":[{"href":"https:\/\/nordichouse.is\/da\/wp-json\/wp\/v2\/posts"}],"about":[{"href":"https:\/\/nordichouse.is\/da\/wp-json\/wp\/v2\/types\/post"}],"author":[{"embeddable":true,"href":"https:\/\/nordichouse.is\/da\/wp-json\/wp\/v2\/users\/26"}],"replies":[{"embeddable":true,"href":"https:\/\/nordichouse.is\/da\/wp-json\/wp\/v2\/comments?post=27993"}],"version-history":[{"count":0,"href":"https:\/\/nordichouse.is\/da\/wp-json\/wp\/v2\/posts\/27993\/revisions"}],"wp:featuredmedia":[{"embeddable":true,"href":"https:\/\/nordichouse.is\/da\/wp-json\/wp\/v2\/media\/27987"}],"wp:attachment":[{"href":"https:\/\/nordichouse.is\/da\/wp-json\/wp\/v2\/media?parent=27993"}],"wp:term":[{"taxonomy":"category","embeddable":true,"href":"https:\/\/nordichouse.is\/da\/wp-json\/wp\/v2\/categories?post=27993"},{"taxonomy":"post_tag","embeddable":true,"href":"https:\/\/nordichouse.is\/da\/wp-json\/wp\/v2\/tags?post=27993"}],"curies":[{"name":"wp","href":"https:\/\/api.w.org\/{rel}","templated":true}]}}