{"id":26003,"date":"2020-09-25T11:27:13","date_gmt":"2020-09-25T11:27:13","guid":{"rendered":"https:\/\/nordichouse.is\/rikir-kynjajafnretti-a-nordurlondum\/"},"modified":"2020-09-25T17:28:39","modified_gmt":"2020-09-25T17:28:39","slug":"rikir-kynjajafnretti-a-nordurlondum","status":"publish","type":"post","link":"https:\/\/nordichouse.is\/da\/rikir-kynjajafnretti-a-nordurlondum\/","title":{"rendered":"J\u00e4mst\u00e4llt Norden?"},"content":{"rendered":"<p>F\u00f6r exakt ett \u00e5r sedan deltog jag i en Me Too konferens p\u00e5 Harpa som arrangerades av Islands ordf\u00f6randeskap i Nordiska ministerr\u00e5det i samarbete med Islands universitet. \u00d6ver 800 personer deltog och p\u00e5 programmet fanns ikoniska talare s\u00e5som Angela Davis,\u00a0Roxane Gay, Liz Kelly, Marai Larasi\u00a0<span lang=\"SV\">och<\/span>\u00a0Cynthia Enloe<span lang=\"SV\">.<\/span><\/p>\n<figure id=\"attachment_26010\" aria-describedby=\"caption-attachment-26010\" style=\"width: 640px\" class=\"wp-caption alignnone\"><a href=\"https:\/\/nordichouse.is\/wp-content\/uploads\/2020\/09\/img_8025-scaled.jpg\"><img decoding=\"async\" class=\"wp-image-26010 size-medium lazyload\" data-src=\"https:\/\/nordichouse.is\/wp-content\/uploads\/2020\/09\/img_8025-640x480.jpg\" alt=\"\" width=\"640\" height=\"480\" data-srcset=\"https:\/\/nordichouse.is\/wp-content\/uploads\/2020\/09\/img_8025-640x480.jpg 640w, https:\/\/nordichouse.is\/wp-content\/uploads\/2020\/09\/img_8025-1220x915.jpg 1220w, https:\/\/nordichouse.is\/wp-content\/uploads\/2020\/09\/img_8025-768x576.jpg 768w, https:\/\/nordichouse.is\/wp-content\/uploads\/2020\/09\/img_8025-1536x1152.jpg 1536w, https:\/\/nordichouse.is\/wp-content\/uploads\/2020\/09\/img_8025-2048x1536.jpg 2048w\" data-sizes=\"(max-width: 640px) 100vw, 640px\" src=\"data:image\/svg+xml;base64,PHN2ZyB3aWR0aD0iMSIgaGVpZ2h0PSIxIiB4bWxucz0iaHR0cDovL3d3dy53My5vcmcvMjAwMC9zdmciPjwvc3ZnPg==\" style=\"--smush-placeholder-width: 640px; --smush-placeholder-aspect-ratio: 640\/480;\" \/><\/a><figcaption id=\"caption-attachment-26010\" class=\"wp-caption-text\">Me Too konferens p\u00e5 Harpa \/ Sabina Westerholm<\/figcaption><\/figure>\n<p class=\"x_MsoNormal\"><span lang=\"SV\">Den f\u00f6rsta dagen var nordiska ministrar och stats\u00f6verhuvuden p\u00e5 plats. Visst talade man om utmaningarna i det nordiska samh\u00e4llet och ber\u00f6rde fr\u00e5gor som intersektionalitet men det var trots allt en tillr\u00e4ttalagd diskussion och en hel del klapp p\u00e5 egen axel. De nordiska l\u00e4nderna placerar ju sig h\u00f6gt i global statistik \u00f6ver j\u00e4mst\u00e4lldhet. Men ju l\u00e4ngre in i konferensen vi kom steg andra perspektiv fram. Pl\u00f6tsligt h\u00f6rde vi r\u00f6ster av kvinnor med utl\u00e4ndsk bakgrund, kvinnor med funktionsvariationer och kvinnor som sj\u00e4lv blivit negativt drabbade av Me too-processer s\u00e4ga att de aldrig n\u00e5gonsin k\u00e4nt sig s\u00e5 utanf\u00f6r eller s\u00e5 oj\u00e4mlikt behandlade som p\u00e5 Island. V\u00e4rldens mest j\u00e4mst\u00e4llda land.<\/span><\/p>\n<p class=\"x_MsoNormal\"><span lang=\"SV\">Kvinnor med utl\u00e4ndsk bakgrund \u00e4r den mest utsatta gruppen i det isl\u00e4ndska samh\u00e4llet. Organisationen W.O.M.E.N in Iceland har redan i flera \u00e5r h\u00e5llit en ber\u00e4ttarcirkel f\u00f6r kvinnor med utl\u00e4ndsk bakgrund. De s\u00e4ger att deras verksamhet f\u00f6r\u00e4ndrades efter Me too och att ber\u00e4ttarcirkeln allt mera blev till ett safe space, ett tryggt rum, d\u00e4r deltagarna kunde dela sina tankar och erfarenheter.<\/span><\/p>\n<figure id=\"attachment_26000\" aria-describedby=\"caption-attachment-26000\" style=\"width: 640px\" class=\"wp-caption alignnone\"><a href=\"https:\/\/nordichouse.is\/wp-content\/uploads\/2020\/09\/underneathopeningexhibition-julietterowland29.jpg\"><img decoding=\"async\" class=\"wp-image-26000 size-medium lazyload\" data-src=\"https:\/\/nordichouse.is\/wp-content\/uploads\/2020\/09\/underneathopeningexhibition-julietterowland29-640x427.jpg\" alt=\"\" width=\"640\" height=\"427\" data-srcset=\"https:\/\/nordichouse.is\/wp-content\/uploads\/2020\/09\/underneathopeningexhibition-julietterowland29-640x427.jpg 640w, https:\/\/nordichouse.is\/wp-content\/uploads\/2020\/09\/underneathopeningexhibition-julietterowland29-768x512.jpg 768w, https:\/\/nordichouse.is\/wp-content\/uploads\/2020\/09\/underneathopeningexhibition-julietterowland29.jpg 1024w\" data-sizes=\"(max-width: 640px) 100vw, 640px\" src=\"data:image\/svg+xml;base64,PHN2ZyB3aWR0aD0iMSIgaGVpZ2h0PSIxIiB4bWxucz0iaHR0cDovL3d3dy53My5vcmcvMjAwMC9zdmciPjwvc3ZnPg==\" style=\"--smush-placeholder-width: 640px; --smush-placeholder-aspect-ratio: 640\/427;\" \/><\/a><figcaption id=\"caption-attachment-26000\" class=\"wp-caption-text\">Djurberg og Berg \/ Image Julie Rowland<\/figcaption><\/figure>\n<p class=\"x_MsoNormal\"><span lang=\"SV\">V\u00e5r stora satsning detta \u00e5r, konstutst\u00e4llningen \u201d<a href=\"https:\/\/nordichouse.is\/da\/begivenhed\/underneath\/\">Nederunder<\/a>\u201d, behandlar ocks\u00e5 fr\u00e5gor kring k\u00f6n och sexualitet. I utst\u00e4llningen tar nio nordiska samtidskonstn\u00e4rer sig an det som bubblar under ytan i den nordiska utopin om ett j\u00e4mst\u00e4llt samh\u00e4lle. Tydliga och mindre tydliga strukturer om makt, identitet och utsatthet v\u00e4xer fram och verken skapar i dialog med varandra en underjordisk resa i det nordiska v\u00e4lf\u00e4rdssamh\u00e4llet.<\/span><\/p>\n<p class=\"x_MsoNormal\"><span lang=\"SV\">Under h\u00f6sten kommer j\u00e4mst\u00e4lldhet och j\u00e4mlikhet att genomsyra det mesta av v\u00e5rt program. Om n\u00e5got vill vi att Nordens hus ska vara en inklusiv plats med h\u00f6gt i tak d\u00e4r man inte r\u00e4ds att diskutera alla fr\u00e5gor, inte heller de obekv\u00e4ma.<\/span><\/p>\n","protected":false},"excerpt":{"rendered":"<p>F\u00f6r exakt ett \u00e5r sedan deltog jag i en Me Too konferens p\u00e5 Harpa som arrangerades av Islands ordf\u00f6randeskap i Nordiska ministerr\u00e5det i samarbete med Islands universitet. \u00d6ver 800 personer deltog och p\u00e5 programmet fanns ikoniska talare s\u00e5som Angela Davis,\u00a0Roxane Gay, Liz Kelly, Marai Larasi\u00a0och\u00a0Cynthia Enloe. Den f\u00f6rsta dagen var nordiska ministrar och stats\u00f6verhuvuden p\u00e5 [&hellip;]<\/p>\n","protected":false},"author":26,"featured_media":23740,"comment_status":"closed","ping_status":"closed","sticky":false,"template":"","format":"standard","meta":{"_acf_changed":false,"wds_primary_category":0,"footnotes":""},"categories":[534],"tags":[563],"class_list":["post-26003","post","type-post","status-publish","format-standard","has-post-thumbnail","hentry","category-direktorens-blog","tag-blogg-da","no-banner-image"],"acf":[],"_links":{"self":[{"href":"https:\/\/nordichouse.is\/da\/wp-json\/wp\/v2\/posts\/26003","targetHints":{"allow":["GET"]}}],"collection":[{"href":"https:\/\/nordichouse.is\/da\/wp-json\/wp\/v2\/posts"}],"about":[{"href":"https:\/\/nordichouse.is\/da\/wp-json\/wp\/v2\/types\/post"}],"author":[{"embeddable":true,"href":"https:\/\/nordichouse.is\/da\/wp-json\/wp\/v2\/users\/26"}],"replies":[{"embeddable":true,"href":"https:\/\/nordichouse.is\/da\/wp-json\/wp\/v2\/comments?post=26003"}],"version-history":[{"count":0,"href":"https:\/\/nordichouse.is\/da\/wp-json\/wp\/v2\/posts\/26003\/revisions"}],"wp:featuredmedia":[{"embeddable":true,"href":"https:\/\/nordichouse.is\/da\/wp-json\/wp\/v2\/media\/23740"}],"wp:attachment":[{"href":"https:\/\/nordichouse.is\/da\/wp-json\/wp\/v2\/media?parent=26003"}],"wp:term":[{"taxonomy":"category","embeddable":true,"href":"https:\/\/nordichouse.is\/da\/wp-json\/wp\/v2\/categories?post=26003"},{"taxonomy":"post_tag","embeddable":true,"href":"https:\/\/nordichouse.is\/da\/wp-json\/wp\/v2\/tags?post=26003"}],"curies":[{"name":"wp","href":"https:\/\/api.w.org\/{rel}","templated":true}]}}