{"id":24827,"date":"2020-06-08T11:50:12","date_gmt":"2020-06-08T11:50:12","guid":{"rendered":"https:\/\/nordichouse.is\/ad-raekta-gardinn-sinn-leid-til-ad-njota-lifsins%e2%80%af\/"},"modified":"2020-06-10T13:58:27","modified_gmt":"2020-06-10T13:58:27","slug":"ad-raekta-gardinn-sinn-leid-til-ad-njota-lifsins%e2%80%af","status":"publish","type":"post","link":"https:\/\/nordichouse.is\/da\/ad-raekta-gardinn-sinn-leid-til-ad-njota-lifsins%e2%80%af\/","title":{"rendered":"Odling som \u00f6verlevnadsstrategi"},"content":{"rendered":"<p>Under mina promenader genom kvarteren runt mitt hem i Reykjavik har jag noterat en m\u00e4rkbar f\u00f6r\u00e4ndring sedan f\u00f6rra \u00e5ret. Jag ser flera m\u00e4nniskor med huvudet i rabatten och mindre m\u00e4ngder ogr\u00e4s. P\u00e5 senare tiden verkar intresset f\u00f6r hem och tr\u00e4dg\u00e5rd ha \u00f6kat radikalt. Aff\u00e4rerna \u00e4r t\u00f6mda p\u00e5 alla tr\u00e4dg\u00e5rdsrelaterade produkter och social media sv\u00e4mmar \u00f6ver av vackra tr\u00e4dg\u00e5rdsbilder.<\/p>\n<p>Det \u00e4r allm\u00e4nt k\u00e4nt att odling fungerar terapeutiskt. Tr\u00e4dg\u00e5rdsterapi har visat sig vara en effektiv behandling mot utmattningsdepression och i arbete med \u00e4ldreboenden, flyktinganl\u00e4ggningar och f\u00e4ngelser har tr\u00e4dg\u00e5rdsarbete l\u00e4nge ing\u00e5tt i rehabiliteringsprogrammet. Att konkret f\u00e5 arbeta med jord och att f\u00e5 sk\u00f6ta, f\u00f6lja och se snabba resultat \u00e4r tillfredsst\u00e4llande. Utomhusluft, sol och fysikt arbete g\u00f6r f\u00f6rst\u00e5s ocks\u00e5 alltid gott.<\/p>\n<p>Det \u00e4r allts\u00e5 inte alls konstigt att m\u00e4nniskor i dessa utmanade tider av oro och os\u00e4kerhet v\u00e4nder blicken ned\u00e5t rabatten. Detsamma har vi gjort under de senaste veckorna i Nordens hus. I samarbete med v\u00e5r systerorganisation <a href=\"https:\/\/www.nordgen.org\/\" target=\"_blank\" rel=\"noopener noreferrer\">NordGen<\/a> i Alnarp, Sverige har vi startat projektet\u00a0<strong><a href=\"https:\/\/nordichouse.is\/da\/saum-sjaum-og-smokkum-graenn-voxtur-a-nordurlondum\/\" target=\"_blank\" rel=\"noopener noreferrer\"><em>S\u00e5, se och smaka<\/em><\/a>\u00a0<\/strong>d\u00e4r vi ska arbeta tillsammans med barn och unga f\u00f6r att fr\u00e4mja kunskapen om biodiversitet och h\u00e5llbar matproduktion genom odling av olika nordiska arter utanf\u00f6r Nordens hus. Resultaten kanske ni kan f\u00e5 njuta av p\u00e5<a href=\"https:\/\/nordichouse.is\/da\/matr\/\" target=\"_blank\" rel=\"noopener noreferrer\"> MATR<\/a> under sommaren och till h\u00f6sten hoppas vi kunna bjuda in till sk\u00f6rdefest.<\/p>\n<div id='gallery-1' class='gallery galleryid-24827 gallery-columns-3 gallery-size-thumbnail'><figure class='gallery-item'>\n\t\t\t<div class='gallery-icon landscape'>\n\t\t\t\t<a href='https:\/\/nordichouse.is\/da\/ad-raekta-gardinn-sinn-leid-til-ad-njota-lifsins%e2%80%af\/img_0953-2\/'><img decoding=\"async\" width=\"400\" height=\"400\" data-src=\"https:\/\/nordichouse.is\/wp-content\/uploads\/2020\/06\/img_0953-400x400.jpeg\" class=\"attachment-thumbnail size-thumbnail lazyload\" alt=\"\" data-srcset=\"https:\/\/nordichouse.is\/wp-content\/uploads\/2020\/06\/img_0953-400x400.jpeg 400w, https:\/\/nordichouse.is\/wp-content\/uploads\/2020\/06\/img_0953-800x800.jpeg 800w\" data-sizes=\"(max-width: 400px) 100vw, 400px\" src=\"data:image\/svg+xml;base64,PHN2ZyB3aWR0aD0iMSIgaGVpZ2h0PSIxIiB4bWxucz0iaHR0cDovL3d3dy53My5vcmcvMjAwMC9zdmciPjwvc3ZnPg==\" style=\"--smush-placeholder-width: 400px; --smush-placeholder-aspect-ratio: 400\/400;\" \/><\/a>\n\t\t\t<\/div><\/figure><figure class='gallery-item'>\n\t\t\t<div class='gallery-icon landscape'>\n\t\t\t\t<a href='https:\/\/nordichouse.is\/da\/ad-raekta-gardinn-sinn-leid-til-ad-njota-lifsins%e2%80%af\/thumbnail_img_1016-2\/'><img decoding=\"async\" width=\"400\" height=\"400\" data-src=\"https:\/\/nordichouse.is\/wp-content\/uploads\/2020\/06\/thumbnail_img_1016-400x400.jpg\" class=\"attachment-thumbnail size-thumbnail lazyload\" alt=\"\" data-srcset=\"https:\/\/nordichouse.is\/wp-content\/uploads\/2020\/06\/thumbnail_img_1016-400x400.jpg 400w, https:\/\/nordichouse.is\/wp-content\/uploads\/2020\/06\/thumbnail_img_1016-800x800.jpg 800w\" data-sizes=\"(max-width: 400px) 100vw, 400px\" src=\"data:image\/svg+xml;base64,PHN2ZyB3aWR0aD0iMSIgaGVpZ2h0PSIxIiB4bWxucz0iaHR0cDovL3d3dy53My5vcmcvMjAwMC9zdmciPjwvc3ZnPg==\" style=\"--smush-placeholder-width: 400px; --smush-placeholder-aspect-ratio: 400\/400;\" \/><\/a>\n\t\t\t<\/div><\/figure><figure class='gallery-item'>\n\t\t\t<div class='gallery-icon landscape'>\n\t\t\t\t<a href='https:\/\/nordichouse.is\/da\/ad-raekta-gardinn-sinn-leid-til-ad-njota-lifsins%e2%80%af\/img_1069-2\/'><img decoding=\"async\" width=\"400\" height=\"400\" data-src=\"https:\/\/nordichouse.is\/wp-content\/uploads\/2020\/06\/img_1069-400x400.jpeg\" class=\"attachment-thumbnail size-thumbnail lazyload\" alt=\"\" data-srcset=\"https:\/\/nordichouse.is\/wp-content\/uploads\/2020\/06\/img_1069-400x400.jpeg 400w, https:\/\/nordichouse.is\/wp-content\/uploads\/2020\/06\/img_1069-800x800.jpeg 800w\" data-sizes=\"(max-width: 400px) 100vw, 400px\" src=\"data:image\/svg+xml;base64,PHN2ZyB3aWR0aD0iMSIgaGVpZ2h0PSIxIiB4bWxucz0iaHR0cDovL3d3dy53My5vcmcvMjAwMC9zdmciPjwvc3ZnPg==\" style=\"--smush-placeholder-width: 400px; --smush-placeholder-aspect-ratio: 400\/400;\" \/><\/a>\n\t\t\t<\/div><\/figure>\n\t\t<\/div>\n\n<p>Ocks\u00e5 i den nordiska barnlitteraturen verkar tr\u00e4dg\u00e5rd, natur och odling vara aktuellt just nu. I Finland har den underbart vackra boken\u00a0<em>Hemulens herbarium\u00a0<\/em>av P\u00e4ivi Kaataja utkommit p\u00e5 b\u00e5de finska och svenska i v\u00e5r och i Christel R\u00f6nns pinf\u00e4rska bilderbok\u00a0<em>Jinko och det finurliga fr\u00f6et<\/em>\u00a0f\u00e5r en ta del av ett olidligt sp\u00e4nnande odlings\u00e4ventyr bland djuren i skogen. Ocks\u00e5 i Sverige har man f\u00e5tt se m\u00e5nga nya inspirerande barnb\u00f6cker p\u00e5 detta tema s\u00e5som Cecilia Ottenbys vackra\u00a0\u00a0<em>F\u00f6rtrollad tr\u00e4dg\u00e5rd\u00a0<\/em>och den annorlunda r\u00e4knesagan\u00a0<em>Tio sm\u00e5 blommor\u00a0<\/em>av Emma Virke och Ida Bj\u00f6rs.<\/p>\n<p>S\u00e5 l\u00e5t oss alla finna ro och hopp i naturen, njuta av de l\u00e5nga dagarna och den prunkande v\u00e4xtligheten. Vare sig det \u00e4r i litteraturen, p\u00e5 f\u00f6nsterbr\u00e4det, i kolonitr\u00e4dg\u00e5rden eller p\u00e5 grannens sida.<\/p>\n<p><span style=\"font-style: inherit; font-weight: inherit;\"> <span lang=\"sv-FI\">Allt gott,<br \/>\n<\/span><em><span lang=\"sv-FI\"><span class=\"mark0q99hs8x1\" data-markjs=\"true\" data-ogac=\"\" data-ogab=\"\" data-ogsc=\"\" data-ogsb=\"\">Sabina<\/span><\/span><\/em><\/span><\/p>\n<p>&nbsp;<\/p>\n<div id='gallery-2' class='gallery galleryid-24827 gallery-columns-3 gallery-size-thumbnail'><figure class='gallery-item'>\n\t\t\t<div class='gallery-icon portrait'>\n\t\t\t\t<a href='https:\/\/nordichouse.is\/da\/ad-raekta-gardinn-sinn-leid-til-ad-njota-lifsins%e2%80%af\/image001-5-2\/'><img decoding=\"async\" width=\"400\" height=\"400\" data-src=\"https:\/\/nordichouse.is\/wp-content\/uploads\/2020\/06\/image001-400x400.jpg\" class=\"attachment-thumbnail size-thumbnail lazyload\" alt=\"\" data-srcset=\"https:\/\/nordichouse.is\/wp-content\/uploads\/2020\/06\/image001-400x400.jpg 400w, https:\/\/nordichouse.is\/wp-content\/uploads\/2020\/06\/image001-640x640.jpg 640w\" data-sizes=\"(max-width: 400px) 100vw, 400px\" src=\"data:image\/svg+xml;base64,PHN2ZyB3aWR0aD0iMSIgaGVpZ2h0PSIxIiB4bWxucz0iaHR0cDovL3d3dy53My5vcmcvMjAwMC9zdmciPjwvc3ZnPg==\" style=\"--smush-placeholder-width: 400px; --smush-placeholder-aspect-ratio: 400\/400;\" \/><\/a>\n\t\t\t<\/div><\/figure><figure class='gallery-item'>\n\t\t\t<div class='gallery-icon portrait'>\n\t\t\t\t<a href='https:\/\/nordichouse.is\/da\/ad-raekta-gardinn-sinn-leid-til-ad-njota-lifsins%e2%80%af\/thumbnail_image003-3\/'><img decoding=\"async\" width=\"400\" height=\"400\" data-src=\"https:\/\/nordichouse.is\/wp-content\/uploads\/2020\/06\/thumbnail_image003-400x400.jpg\" class=\"attachment-thumbnail size-thumbnail lazyload\" alt=\"\" data-srcset=\"https:\/\/nordichouse.is\/wp-content\/uploads\/2020\/06\/thumbnail_image003-400x400.jpg 400w, https:\/\/nordichouse.is\/wp-content\/uploads\/2020\/06\/thumbnail_image003-800x800.jpg 800w\" data-sizes=\"(max-width: 400px) 100vw, 400px\" src=\"data:image\/svg+xml;base64,PHN2ZyB3aWR0aD0iMSIgaGVpZ2h0PSIxIiB4bWxucz0iaHR0cDovL3d3dy53My5vcmcvMjAwMC9zdmciPjwvc3ZnPg==\" style=\"--smush-placeholder-width: 400px; --smush-placeholder-aspect-ratio: 400\/400;\" \/><\/a>\n\t\t\t<\/div><\/figure><figure class='gallery-item'>\n\t\t\t<div class='gallery-icon landscape'>\n\t\t\t\t<a href='https:\/\/nordichouse.is\/da\/ad-raekta-gardinn-sinn-leid-til-ad-njota-lifsins%e2%80%af\/image002-2-2\/'><img decoding=\"async\" width=\"400\" height=\"400\" data-src=\"https:\/\/nordichouse.is\/wp-content\/uploads\/2020\/06\/image002-400x400.jpg\" class=\"attachment-thumbnail size-thumbnail lazyload\" alt=\"\" data-srcset=\"https:\/\/nordichouse.is\/wp-content\/uploads\/2020\/06\/image002-400x400.jpg 400w, https:\/\/nordichouse.is\/wp-content\/uploads\/2020\/06\/image002-640x640.jpg 640w, https:\/\/nordichouse.is\/wp-content\/uploads\/2020\/06\/image002-768x768.jpg 768w, https:\/\/nordichouse.is\/wp-content\/uploads\/2020\/06\/image002.jpg 800w\" data-sizes=\"(max-width: 400px) 100vw, 400px\" src=\"data:image\/svg+xml;base64,PHN2ZyB3aWR0aD0iMSIgaGVpZ2h0PSIxIiB4bWxucz0iaHR0cDovL3d3dy53My5vcmcvMjAwMC9zdmciPjwvc3ZnPg==\" style=\"--smush-placeholder-width: 400px; --smush-placeholder-aspect-ratio: 400\/400;\" \/><\/a>\n\t\t\t<\/div><\/figure>\n\t\t<\/div>\n\n","protected":false},"excerpt":{"rendered":"<p>Under mina promenader genom kvarteren runt mitt hem i Reykjavik har jag noterat en m\u00e4rkbar f\u00f6r\u00e4ndring sedan f\u00f6rra \u00e5ret. Jag ser flera m\u00e4nniskor med huvudet i rabatten och mindre m\u00e4ngder ogr\u00e4s. P\u00e5 senare tiden verkar intresset f\u00f6r hem och tr\u00e4dg\u00e5rd ha \u00f6kat radikalt. Aff\u00e4rerna \u00e4r t\u00f6mda p\u00e5 alla tr\u00e4dg\u00e5rdsrelaterade produkter och social media sv\u00e4mmar \u00f6ver [&hellip;]<\/p>\n","protected":false},"author":26,"featured_media":24815,"comment_status":"closed","ping_status":"closed","sticky":false,"template":"","format":"standard","meta":{"_acf_changed":false,"wds_primary_category":0,"footnotes":""},"categories":[534],"tags":[],"class_list":["post-24827","post","type-post","status-publish","format-standard","has-post-thumbnail","hentry","category-direktorens-blog","no-banner-image"],"acf":[],"_links":{"self":[{"href":"https:\/\/nordichouse.is\/da\/wp-json\/wp\/v2\/posts\/24827","targetHints":{"allow":["GET"]}}],"collection":[{"href":"https:\/\/nordichouse.is\/da\/wp-json\/wp\/v2\/posts"}],"about":[{"href":"https:\/\/nordichouse.is\/da\/wp-json\/wp\/v2\/types\/post"}],"author":[{"embeddable":true,"href":"https:\/\/nordichouse.is\/da\/wp-json\/wp\/v2\/users\/26"}],"replies":[{"embeddable":true,"href":"https:\/\/nordichouse.is\/da\/wp-json\/wp\/v2\/comments?post=24827"}],"version-history":[{"count":0,"href":"https:\/\/nordichouse.is\/da\/wp-json\/wp\/v2\/posts\/24827\/revisions"}],"wp:featuredmedia":[{"embeddable":true,"href":"https:\/\/nordichouse.is\/da\/wp-json\/wp\/v2\/media\/24815"}],"wp:attachment":[{"href":"https:\/\/nordichouse.is\/da\/wp-json\/wp\/v2\/media?parent=24827"}],"wp:term":[{"taxonomy":"category","embeddable":true,"href":"https:\/\/nordichouse.is\/da\/wp-json\/wp\/v2\/categories?post=24827"},{"taxonomy":"post_tag","embeddable":true,"href":"https:\/\/nordichouse.is\/da\/wp-json\/wp\/v2\/tags?post=24827"}],"curies":[{"name":"wp","href":"https:\/\/api.w.org\/{rel}","templated":true}]}}